{"id":49379,"date":"2023-11-29T09:28:38","date_gmt":"2023-11-29T14:28:38","guid":{"rendered":"https:\/\/wwwprodaz.fprofessionnels.com\/?p=49379"},"modified":"2024-02-16T14:45:02","modified_gmt":"2024-02-16T19:45:02","slug":"nouvelle-entente-de-partenariat-entre-lappsq-et-fdp","status":"publish","type":"post","link":"https:\/\/www.fprofessionnels.com\/en\/nouvelle-entente-de-partenariat-entre-lappsq-et-fdp\/","title":{"rendered":"New partnership between the APPSQ and fdp"},"content":{"rendered":"<p><img loading=\"lazy\" decoding=\"async\" class=\"wp-image-49393 size-medium alignleft content-img\" src=\"\/wp-content\/uploads\/2023\/11\/Partenariat-APPSQ_AQPP_fdp_EN_Web-300x300.jpg\" alt=\"\" width=\"300\" height=\"300\" srcset=\"\/wp-content\/uploads\/2023\/11\/Partenariat-APPSQ_AQPP_fdp_EN_Web-300x300.jpg 300w, \/wp-content\/uploads\/2023\/11\/Partenariat-APPSQ_AQPP_fdp_EN_Web-150x150.jpg 150w, \/wp-content\/uploads\/2023\/11\/Partenariat-APPSQ_AQPP_fdp_EN_Web-768x768.jpg 768w, \/wp-content\/uploads\/2023\/11\/Partenariat-APPSQ_AQPP_fdp_EN_Web.jpg 1000w\" sizes=\"auto, (max-width: 300px) 100vw, 300px\" \/><\/p>\n<p>It is with great enthusiasm that we announce the partnership agreement between fdp Private Management and the Association professionnelle des pharmaciens salari\u00e9s du Qu\u00e9bec (APPSQ). We are very proud to be associated with an organization whose objective is to defend and promote the socioeconomic interests of all its members and the profession.<\/p>\n<p>This new association is at the heart of our corporate mission to support pharmacists in Quebec and naturally complements the fact that the Association qu\u00e9b\u00e9coise des pharmaciens propri\u00e9taires (AQPP) is one of our shareholders. We are proud to play a positive role in the personal and business financial journey of all pharmacists throughout their careers.<\/p>\n","protected":false},"excerpt":{"rendered":"<p>It is with great enthusiasm that we announce the partnership agreement between fdp Private Management and the Association professionnelle des pharmaciens salari\u00e9s du Qu\u00e9bec (APPSQ)<\/p>\n","protected":false},"author":1047,"featured_media":49397,"comment_status":"closed","ping_status":"closed","sticky":false,"template":"","format":"standard","meta":{"_acf_changed":false,"footnotes":"","_links_to":"","_links_to_target":""},"categories":[1],"tags":[],"categorie-profession":[],"class_list":["post-49379","post","type-post","status-publish","format-standard","has-post-thumbnail","hentry","category-news"],"acf":[],"yoast_head":"<!-- This site is optimized with the Yoast SEO Premium plugin v26.9 (Yoast SEO v26.9) - https:\/\/yoast.com\/product\/yoast-seo-premium-wordpress\/ -->\n<title>New partnership between the APPSQ and fdp &#8902; fdp Gestion priv\u00e9e<\/title>\n<meta name=\"description\" content=\"It is with great enthusiasm that we announce the partnership agreement between fdp Private Management and the Association professionnelle des pharmaciens salari\u00e9s du Qu\u00e9bec (APPSQ)\" \/>\n<meta name=\"robots\" content=\"index, follow, max-snippet:-1, max-image-preview:large, max-video-preview:-1\" \/>\n<link rel=\"canonical\" href=\"https:\/\/www.fprofessionnels.com\/en\/nouvelle-entente-de-partenariat-entre-lappsq-et-fdp\/\" \/>\n<meta property=\"og:locale\" content=\"en_US\" \/>\n<meta property=\"og:type\" content=\"article\" \/>\n<meta property=\"og:title\" content=\"New partnership between the APPSQ and fdp\" \/>\n<meta property=\"og:description\" content=\"It is with great enthusiasm that we announce the partnership agreement between fdp Private Management and the Association professionnelle des pharmaciens salari\u00e9s du Qu\u00e9bec (APPSQ)\" \/>\n<meta property=\"og:url\" content=\"https:\/\/www.fprofessionnels.com\/en\/nouvelle-entente-de-partenariat-entre-lappsq-et-fdp\/\" \/>\n<meta property=\"og:site_name\" content=\"fdp Gestion priv\u00e9e\" \/>\n<meta property=\"article:publisher\" content=\"https:\/\/www.facebook.com\/Fprofessionnels\/\" \/>\n<meta property=\"article:published_time\" content=\"2023-11-29T14:28:38+00:00\" \/>\n<meta property=\"article:modified_time\" content=\"2024-02-16T19:45:02+00:00\" \/>\n<meta property=\"og:image\" content=\"https:\/\/www.fprofessionnels.com\/wp-content\/uploads\/2023\/11\/Pastille_PartenariatAPPSQ_EN_220x200px.jpg\" \/>\n\t<meta property=\"og:image:width\" content=\"220\" \/>\n\t<meta property=\"og:image:height\" content=\"200\" \/>\n\t<meta property=\"og:image:type\" content=\"image\/jpeg\" \/>\n<meta name=\"author\" content=\"David David Gagnon\" \/>\n<meta name=\"twitter:card\" content=\"summary_large_image\" \/>\n<meta name=\"twitter:creator\" content=\"@Fprofessionnels\" \/>\n<meta name=\"twitter:site\" content=\"@Fprofessionnels\" \/>\n<meta name=\"twitter:label1\" content=\"Written by\" \/>\n\t<meta name=\"twitter:data1\" content=\"David David Gagnon\" \/>\n\t<meta name=\"twitter:label2\" content=\"Est. reading time\" \/>\n\t<meta name=\"twitter:data2\" content=\"1 minute\" \/>\n<script type=\"application\/ld+json\" class=\"yoast-schema-graph\">{\"@context\":\"https:\/\/schema.org\",\"@graph\":[{\"@type\":\"Article\",\"@id\":\"https:\/\/www.fprofessionnels.com\/en\/nouvelle-entente-de-partenariat-entre-lappsq-et-fdp\/#article\",\"isPartOf\":{\"@id\":\"https:\/\/www.fprofessionnels.com\/en\/nouvelle-entente-de-partenariat-entre-lappsq-et-fdp\/\"},\"author\":{\"name\":\"David David Gagnon\",\"@id\":\"https:\/\/www.fprofessionnels.com\/en\/#\/schema\/person\/d369a842c036882280262ca2cfa1dc3c\"},\"headline\":\"New partnership between the APPSQ and fdp\",\"datePublished\":\"2023-11-29T14:28:38+00:00\",\"dateModified\":\"2024-02-16T19:45:02+00:00\",\"mainEntityOfPage\":{\"@id\":\"https:\/\/www.fprofessionnels.com\/en\/nouvelle-entente-de-partenariat-entre-lappsq-et-fdp\/\"},\"wordCount\":119,\"publisher\":{\"@id\":\"https:\/\/www.fprofessionnels.com\/en\/#organization\"},\"image\":{\"@id\":\"https:\/\/www.fprofessionnels.com\/en\/nouvelle-entente-de-partenariat-entre-lappsq-et-fdp\/#primaryimage\"},\"thumbnailUrl\":\"\/wp-content\/uploads\/2023\/11\/Pastille_PartenariatAPPSQ_EN_220x200px.jpg\",\"articleSection\":[\"News\"],\"inLanguage\":\"en-US\"},{\"@type\":\"WebPage\",\"@id\":\"https:\/\/www.fprofessionnels.com\/en\/nouvelle-entente-de-partenariat-entre-lappsq-et-fdp\/\",\"url\":\"https:\/\/www.fprofessionnels.com\/en\/nouvelle-entente-de-partenariat-entre-lappsq-et-fdp\/\",\"name\":\"New partnership between the APPSQ and fdp &#8902; fdp Gestion priv\u00e9e\",\"isPartOf\":{\"@id\":\"https:\/\/www.fprofessionnels.com\/en\/#website\"},\"primaryImageOfPage\":{\"@id\":\"https:\/\/www.fprofessionnels.com\/en\/nouvelle-entente-de-partenariat-entre-lappsq-et-fdp\/#primaryimage\"},\"image\":{\"@id\":\"https:\/\/www.fprofessionnels.com\/en\/nouvelle-entente-de-partenariat-entre-lappsq-et-fdp\/#primaryimage\"},\"thumbnailUrl\":\"\/wp-content\/uploads\/2023\/11\/Pastille_PartenariatAPPSQ_EN_220x200px.jpg\",\"datePublished\":\"2023-11-29T14:28:38+00:00\",\"dateModified\":\"2024-02-16T19:45:02+00:00\",\"description\":\"It is with great enthusiasm that we announce the partnership agreement between fdp Private Management and the Association professionnelle des pharmaciens salari\u00e9s du Qu\u00e9bec (APPSQ)\",\"breadcrumb\":{\"@id\":\"https:\/\/www.fprofessionnels.com\/en\/nouvelle-entente-de-partenariat-entre-lappsq-et-fdp\/#breadcrumb\"},\"inLanguage\":\"en-US\",\"potentialAction\":[{\"@type\":\"ReadAction\",\"target\":[\"https:\/\/www.fprofessionnels.com\/en\/nouvelle-entente-de-partenariat-entre-lappsq-et-fdp\/\"]}]},{\"@type\":\"ImageObject\",\"inLanguage\":\"en-US\",\"@id\":\"https:\/\/www.fprofessionnels.com\/en\/nouvelle-entente-de-partenariat-entre-lappsq-et-fdp\/#primaryimage\",\"url\":\"\/wp-content\/uploads\/2023\/11\/Pastille_PartenariatAPPSQ_EN_220x200px.jpg\",\"contentUrl\":\"\/wp-content\/uploads\/2023\/11\/Pastille_PartenariatAPPSQ_EN_220x200px.jpg\",\"width\":220,\"height\":200,\"caption\":\"Partenariat APPSQ - Read\"},{\"@type\":\"BreadcrumbList\",\"@id\":\"https:\/\/www.fprofessionnels.com\/en\/nouvelle-entente-de-partenariat-entre-lappsq-et-fdp\/#breadcrumb\",\"itemListElement\":[{\"@type\":\"ListItem\",\"position\":1,\"name\":\"Accueil\",\"item\":\"https:\/\/www.fprofessionnels.com\/en\/\"},{\"@type\":\"ListItem\",\"position\":2,\"name\":\"New partnership between the APPSQ and fdp\"}]},{\"@type\":\"WebSite\",\"@id\":\"https:\/\/www.fprofessionnels.com\/en\/#website\",\"url\":\"https:\/\/www.fprofessionnels.com\/en\/\",\"name\":\"fdp Gestion priv\u00e9e\",\"description\":\"Une longueur d\u2019avance dans vos prises de d\u00e9cisions financi\u00e8res\",\"publisher\":{\"@id\":\"https:\/\/www.fprofessionnels.com\/en\/#organization\"},\"potentialAction\":[{\"@type\":\"SearchAction\",\"target\":{\"@type\":\"EntryPoint\",\"urlTemplate\":\"https:\/\/www.fprofessionnels.com\/en\/?s={search_term_string}\"},\"query-input\":{\"@type\":\"PropertyValueSpecification\",\"valueRequired\":true,\"valueName\":\"search_term_string\"}}],\"inLanguage\":\"en-US\"},{\"@type\":\"Organization\",\"@id\":\"https:\/\/www.fprofessionnels.com\/en\/#organization\",\"name\":\"Financi\u00e8re des professionnels\",\"url\":\"https:\/\/www.fprofessionnels.com\/en\/\",\"logo\":{\"@type\":\"ImageObject\",\"inLanguage\":\"en-US\",\"@id\":\"https:\/\/www.fprofessionnels.com\/en\/#\/schema\/logo\/image\/\",\"url\":\"\/wp-content\/uploads\/2016\/06\/logo-fpro.png\",\"contentUrl\":\"\/wp-content\/uploads\/2016\/06\/logo-fpro.png\",\"width\":292,\"height\":184,\"caption\":\"Financi\u00e8re des professionnels\"},\"image\":{\"@id\":\"https:\/\/www.fprofessionnels.com\/en\/#\/schema\/logo\/image\/\"},\"sameAs\":[\"https:\/\/www.facebook.com\/Fprofessionnels\/\",\"https:\/\/x.com\/Fprofessionnels\",\"https:\/\/www.linkedin.com\/company\/financi-re-des-professionnels\"]},{\"@type\":\"Person\",\"@id\":\"https:\/\/www.fprofessionnels.com\/en\/#\/schema\/person\/d369a842c036882280262ca2cfa1dc3c\",\"name\":\"David David Gagnon\",\"image\":{\"@type\":\"ImageObject\",\"inLanguage\":\"en-US\",\"@id\":\"https:\/\/www.fprofessionnels.com\/en\/#\/schema\/person\/image\/\",\"url\":\"https:\/\/secure.gravatar.com\/avatar\/1f668a41738da4b42842a589feb238b87387dcc954f36662e029238ef079f77c?s=96&d=mm&r=g\",\"contentUrl\":\"https:\/\/secure.gravatar.com\/avatar\/1f668a41738da4b42842a589feb238b87387dcc954f36662e029238ef079f77c?s=96&d=mm&r=g\",\"caption\":\"David David Gagnon\"},\"url\":\"https:\/\/www.fprofessionnels.com\/en\/author\/dgagnonfdpgp-ca\/\"}]}<\/script>\n<!-- \/ Yoast SEO Premium plugin. -->","yoast_head_json":{"title":"New partnership between the APPSQ and fdp &#8902; fdp Gestion priv\u00e9e","description":"It is with great enthusiasm that we announce the partnership agreement between fdp Private Management and the Association professionnelle des pharmaciens salari\u00e9s du Qu\u00e9bec (APPSQ)","robots":{"index":"index","follow":"follow","max-snippet":"max-snippet:-1","max-image-preview":"max-image-preview:large","max-video-preview":"max-video-preview:-1"},"canonical":"https:\/\/www.fprofessionnels.com\/en\/nouvelle-entente-de-partenariat-entre-lappsq-et-fdp\/","og_locale":"en_US","og_type":"article","og_title":"New partnership between the APPSQ and fdp","og_description":"It is with great enthusiasm that we announce the partnership agreement between fdp Private Management and the Association professionnelle des pharmaciens salari\u00e9s du Qu\u00e9bec (APPSQ)","og_url":"https:\/\/www.fprofessionnels.com\/en\/nouvelle-entente-de-partenariat-entre-lappsq-et-fdp\/","og_site_name":"fdp Gestion priv\u00e9e","article_publisher":"https:\/\/www.facebook.com\/Fprofessionnels\/","article_published_time":"2023-11-29T14:28:38+00:00","article_modified_time":"2024-02-16T19:45:02+00:00","og_image":[{"width":220,"height":200,"url":"https:\/\/www.fprofessionnels.com\/wp-content\/uploads\/2023\/11\/Pastille_PartenariatAPPSQ_EN_220x200px.jpg","type":"image\/jpeg"}],"author":"David David Gagnon","twitter_card":"summary_large_image","twitter_creator":"@Fprofessionnels","twitter_site":"@Fprofessionnels","twitter_misc":{"Written by":"David David Gagnon","Est. reading time":"1 minute"},"schema":{"@context":"https:\/\/schema.org","@graph":[{"@type":"Article","@id":"https:\/\/www.fprofessionnels.com\/en\/nouvelle-entente-de-partenariat-entre-lappsq-et-fdp\/#article","isPartOf":{"@id":"https:\/\/www.fprofessionnels.com\/en\/nouvelle-entente-de-partenariat-entre-lappsq-et-fdp\/"},"author":{"name":"David David Gagnon","@id":"https:\/\/www.fprofessionnels.com\/en\/#\/schema\/person\/d369a842c036882280262ca2cfa1dc3c"},"headline":"New partnership between the APPSQ and fdp","datePublished":"2023-11-29T14:28:38+00:00","dateModified":"2024-02-16T19:45:02+00:00","mainEntityOfPage":{"@id":"https:\/\/www.fprofessionnels.com\/en\/nouvelle-entente-de-partenariat-entre-lappsq-et-fdp\/"},"wordCount":119,"publisher":{"@id":"https:\/\/www.fprofessionnels.com\/en\/#organization"},"image":{"@id":"https:\/\/www.fprofessionnels.com\/en\/nouvelle-entente-de-partenariat-entre-lappsq-et-fdp\/#primaryimage"},"thumbnailUrl":"\/wp-content\/uploads\/2023\/11\/Pastille_PartenariatAPPSQ_EN_220x200px.jpg","articleSection":["News"],"inLanguage":"en-US"},{"@type":"WebPage","@id":"https:\/\/www.fprofessionnels.com\/en\/nouvelle-entente-de-partenariat-entre-lappsq-et-fdp\/","url":"https:\/\/www.fprofessionnels.com\/en\/nouvelle-entente-de-partenariat-entre-lappsq-et-fdp\/","name":"New partnership between the APPSQ and fdp &#8902; fdp Gestion priv\u00e9e","isPartOf":{"@id":"https:\/\/www.fprofessionnels.com\/en\/#website"},"primaryImageOfPage":{"@id":"https:\/\/www.fprofessionnels.com\/en\/nouvelle-entente-de-partenariat-entre-lappsq-et-fdp\/#primaryimage"},"image":{"@id":"https:\/\/www.fprofessionnels.com\/en\/nouvelle-entente-de-partenariat-entre-lappsq-et-fdp\/#primaryimage"},"thumbnailUrl":"\/wp-content\/uploads\/2023\/11\/Pastille_PartenariatAPPSQ_EN_220x200px.jpg","datePublished":"2023-11-29T14:28:38+00:00","dateModified":"2024-02-16T19:45:02+00:00","description":"It is with great enthusiasm that we announce the partnership agreement between fdp Private Management and the Association professionnelle des pharmaciens salari\u00e9s du Qu\u00e9bec (APPSQ)","breadcrumb":{"@id":"https:\/\/www.fprofessionnels.com\/en\/nouvelle-entente-de-partenariat-entre-lappsq-et-fdp\/#breadcrumb"},"inLanguage":"en-US","potentialAction":[{"@type":"ReadAction","target":["https:\/\/www.fprofessionnels.com\/en\/nouvelle-entente-de-partenariat-entre-lappsq-et-fdp\/"]}]},{"@type":"ImageObject","inLanguage":"en-US","@id":"https:\/\/www.fprofessionnels.com\/en\/nouvelle-entente-de-partenariat-entre-lappsq-et-fdp\/#primaryimage","url":"\/wp-content\/uploads\/2023\/11\/Pastille_PartenariatAPPSQ_EN_220x200px.jpg","contentUrl":"\/wp-content\/uploads\/2023\/11\/Pastille_PartenariatAPPSQ_EN_220x200px.jpg","width":220,"height":200,"caption":"Partenariat APPSQ - Read"},{"@type":"BreadcrumbList","@id":"https:\/\/www.fprofessionnels.com\/en\/nouvelle-entente-de-partenariat-entre-lappsq-et-fdp\/#breadcrumb","itemListElement":[{"@type":"ListItem","position":1,"name":"Accueil","item":"https:\/\/www.fprofessionnels.com\/en\/"},{"@type":"ListItem","position":2,"name":"New partnership between the APPSQ and fdp"}]},{"@type":"WebSite","@id":"https:\/\/www.fprofessionnels.com\/en\/#website","url":"https:\/\/www.fprofessionnels.com\/en\/","name":"fdp Gestion priv\u00e9e","description":"Une longueur d\u2019avance dans vos prises de d\u00e9cisions financi\u00e8res","publisher":{"@id":"https:\/\/www.fprofessionnels.com\/en\/#organization"},"potentialAction":[{"@type":"SearchAction","target":{"@type":"EntryPoint","urlTemplate":"https:\/\/www.fprofessionnels.com\/en\/?s={search_term_string}"},"query-input":{"@type":"PropertyValueSpecification","valueRequired":true,"valueName":"search_term_string"}}],"inLanguage":"en-US"},{"@type":"Organization","@id":"https:\/\/www.fprofessionnels.com\/en\/#organization","name":"Financi\u00e8re des professionnels","url":"https:\/\/www.fprofessionnels.com\/en\/","logo":{"@type":"ImageObject","inLanguage":"en-US","@id":"https:\/\/www.fprofessionnels.com\/en\/#\/schema\/logo\/image\/","url":"\/wp-content\/uploads\/2016\/06\/logo-fpro.png","contentUrl":"\/wp-content\/uploads\/2016\/06\/logo-fpro.png","width":292,"height":184,"caption":"Financi\u00e8re des professionnels"},"image":{"@id":"https:\/\/www.fprofessionnels.com\/en\/#\/schema\/logo\/image\/"},"sameAs":["https:\/\/www.facebook.com\/Fprofessionnels\/","https:\/\/x.com\/Fprofessionnels","https:\/\/www.linkedin.com\/company\/financi-re-des-professionnels"]},{"@type":"Person","@id":"https:\/\/www.fprofessionnels.com\/en\/#\/schema\/person\/d369a842c036882280262ca2cfa1dc3c","name":"David David Gagnon","image":{"@type":"ImageObject","inLanguage":"en-US","@id":"https:\/\/www.fprofessionnels.com\/en\/#\/schema\/person\/image\/","url":"https:\/\/secure.gravatar.com\/avatar\/1f668a41738da4b42842a589feb238b87387dcc954f36662e029238ef079f77c?s=96&d=mm&r=g","contentUrl":"https:\/\/secure.gravatar.com\/avatar\/1f668a41738da4b42842a589feb238b87387dcc954f36662e029238ef079f77c?s=96&d=mm&r=g","caption":"David David Gagnon"},"url":"https:\/\/www.fprofessionnels.com\/en\/author\/dgagnonfdpgp-ca\/"}]}},"_links":{"self":[{"href":"https:\/\/www.fprofessionnels.com\/en\/wp-json\/wp\/v2\/posts\/49379","targetHints":{"allow":["GET"]}}],"collection":[{"href":"https:\/\/www.fprofessionnels.com\/en\/wp-json\/wp\/v2\/posts"}],"about":[{"href":"https:\/\/www.fprofessionnels.com\/en\/wp-json\/wp\/v2\/types\/post"}],"author":[{"embeddable":true,"href":"https:\/\/www.fprofessionnels.com\/en\/wp-json\/wp\/v2\/users\/1047"}],"replies":[{"embeddable":true,"href":"https:\/\/www.fprofessionnels.com\/en\/wp-json\/wp\/v2\/comments?post=49379"}],"version-history":[{"count":4,"href":"https:\/\/www.fprofessionnels.com\/en\/wp-json\/wp\/v2\/posts\/49379\/revisions"}],"predecessor-version":[{"id":50324,"href":"https:\/\/www.fprofessionnels.com\/en\/wp-json\/wp\/v2\/posts\/49379\/revisions\/50324"}],"wp:featuredmedia":[{"embeddable":true,"href":"https:\/\/www.fprofessionnels.com\/en\/wp-json\/wp\/v2\/media\/49397"}],"wp:attachment":[{"href":"https:\/\/www.fprofessionnels.com\/en\/wp-json\/wp\/v2\/media?parent=49379"}],"wp:term":[{"taxonomy":"category","embeddable":true,"href":"https:\/\/www.fprofessionnels.com\/en\/wp-json\/wp\/v2\/categories?post=49379"},{"taxonomy":"post_tag","embeddable":true,"href":"https:\/\/www.fprofessionnels.com\/en\/wp-json\/wp\/v2\/tags?post=49379"},{"taxonomy":"categorie-profession","embeddable":true,"href":"https:\/\/www.fprofessionnels.com\/en\/wp-json\/wp\/v2\/categorie-profession?post=49379"}],"curies":[{"name":"wp","href":"https:\/\/api.w.org\/{rel}","templated":true}]}}